{"id":1070,"date":"2026-03-17T11:14:05","date_gmt":"2026-03-17T11:14:05","guid":{"rendered":"https:\/\/www.berryevents.fr\/?p=1070"},"modified":"2026-03-17T11:18:10","modified_gmt":"2026-03-17T11:18:10","slug":"pourquoi-le-bien-etre-au-travail-ameliore-la-performance-des-equipes","status":"publish","type":"post","link":"https:\/\/www.berryevents.fr\/index.php\/2026\/03\/17\/pourquoi-le-bien-etre-au-travail-ameliore-la-performance-des-equipes\/","title":{"rendered":"Pourquoi le bien-\u00eatre au travail am\u00e9liore la performance des \u00e9quipes\u200b"},"content":{"rendered":"\t\t<div data-elementor-type=\"wp-post\" data-elementor-id=\"1070\" class=\"elementor elementor-1070\" data-elementor-post-type=\"post\">\n\t\t\t\t<div class=\"elementor-element elementor-element-8432439 e-flex e-con-boxed e-con e-parent\" data-id=\"8432439\" data-element_type=\"container\">\n\t\t\t\t\t<div class=\"e-con-inner\">\n\t\t\t\t<div class=\"elementor-element elementor-element-447e260 elementor-widget elementor-widget-heading\" data-id=\"447e260\" data-element_type=\"widget\" data-widget_type=\"heading.default\">\n\t\t\t\t\t<h1 class=\"elementor-heading-title elementor-size-default\">Pourquoi le bien-\u00eatre au travail am\u00e9liore la performance des \u00e9quipes<\/h1>\t\t\t\t<\/div>\n\t\t\t\t\t<\/div>\n\t\t\t\t<\/div>\n\t\t<div class=\"elementor-element elementor-element-cbd70cb e-flex e-con-boxed e-con e-parent\" data-id=\"cbd70cb\" data-element_type=\"container\">\n\t\t\t\t\t<div class=\"e-con-inner\">\n\t\t<div class=\"elementor-element elementor-element-b8bdfb7 e-con-full e-flex e-con e-child\" data-id=\"b8bdfb7\" data-element_type=\"container\">\n\t\t\t\t<div class=\"elementor-element elementor-element-3d0ca33 elementor-widget elementor-widget-text-editor\" data-id=\"3d0ca33\" data-element_type=\"widget\" data-widget_type=\"text-editor.default\">\n\t\t\t\t\t\t\t\t\t<p style=\"font-weight: 400;\">Depuis plusieurs ann\u00e9es, les entreprises repensent leur approche du management et de la performance. Les attentes des salari\u00e9s \u00e9voluent rapidement et les organisations doivent s\u2019adapter. Dans ce contexte, le\u00a0bien-\u00eatre au travail\u00a0devient un levier strat\u00e9gique majeur pour les dirigeants et les responsables RH.<\/p><p style=\"font-weight: 400;\">En effet, de nombreuses \u00e9tudes d\u00e9montrent que les entreprises investissant dans de meilleures\u00a0conditions de travail\u00a0obtiennent des r\u00e9sultats \u00e9conomiques sup\u00e9rieurs. Le bien-\u00eatre ne se limite donc plus \u00e0 une d\u00e9marche sociale. Il s\u2019inscrit d\u00e9sormais dans une logique de performance durable et d\u2019efficacit\u00e9 collective.<\/p>\t\t\t\t\t\t\t\t<\/div>\n\t\t\t\t<\/div>\n\t\t<div class=\"elementor-element elementor-element-4cd9164 e-con-full e-flex e-con e-child\" data-id=\"4cd9164\" data-element_type=\"container\">\n\t\t\t\t<div class=\"elementor-element elementor-element-995dba1 elementor-widget elementor-widget-image\" data-id=\"995dba1\" data-element_type=\"widget\" data-widget_type=\"image.default\">\n\t\t\t\t\t\t\t\t\t\t\t\t\t\t\t<img fetchpriority=\"high\" decoding=\"async\" width=\"504\" height=\"407\" src=\"https:\/\/www.berryevents.fr\/wp-content\/uploads\/2026\/02\/PHOTO-2026-02-02-15-55-51-e1770044340164.jpg\" class=\"attachment-large size-large wp-image-231\" alt=\"Pack trimestriel Berry\" srcset=\"https:\/\/www.berryevents.fr\/wp-content\/uploads\/2026\/02\/PHOTO-2026-02-02-15-55-51-e1770044340164.jpg 504w, https:\/\/www.berryevents.fr\/wp-content\/uploads\/2026\/02\/PHOTO-2026-02-02-15-55-51-e1770044340164-300x242.jpg 300w\" sizes=\"(max-width: 504px) 100vw, 504px\" \/>\t\t\t\t\t\t\t\t\t\t\t\t\t\t\t<\/div>\n\t\t\t\t<\/div>\n\t\t\t\t\t<\/div>\n\t\t\t\t<\/div>\n\t\t<div class=\"elementor-element elementor-element-f72d29b e-flex e-con-boxed e-con e-parent\" data-id=\"f72d29b\" data-element_type=\"container\">\n\t\t\t\t\t<div class=\"e-con-inner\">\n\t\t\t\t<div class=\"elementor-element elementor-element-e196b56 elementor-widget elementor-widget-heading\" data-id=\"e196b56\" data-element_type=\"widget\" data-widget_type=\"heading.default\">\n\t\t\t\t\t<h2 class=\"elementor-heading-title elementor-size-default\">Le bien-\u00eatre au travail : un facteur cl\u00e9 de performance <\/h2>\t\t\t\t<\/div>\n\t\t\t\t<div class=\"elementor-element elementor-element-ffbab9f elementor-widget elementor-widget-text-editor\" data-id=\"ffbab9f\" data-element_type=\"widget\" data-widget_type=\"text-editor.default\">\n\t\t\t\t\t\t\t\t\t<p style=\"font-weight: 400;\">De nombreuses recherches d\u00e9montrent le lien direct entre\u00a0<strong>bien-\u00eatre au travail et performance<\/strong>. Selon une \u00e9tude de l\u2019Universit\u00e9 de Warwick, les salari\u00e9s heureux sont en moyenne 12 % plus productifs. Cette am\u00e9lioration s\u2019explique notamment par une meilleure concentration et une motivation accrue. Lorsque les collaborateurs \u00e9voluent dans de bonnes\u00a0conditions de travail, ils d\u00e9veloppent un engagement plus fort envers leur entreprise.<\/p><p style=\"font-weight: 400;\">Par ailleurs, le cabinet Gallup souligne que les organisations favorisant le\u00a0<strong>management bienveillant\u00a0<\/strong>obtiennent des \u00e9quipes plus impliqu\u00e9es et plus performantes. Dans ces entreprises, la\u00a0<strong>performance des \u00e9quipes<\/strong>\u00a0progresse gr\u00e2ce \u00e0 un climat professionnel plus positif. Les collaborateurs se sentent davantage soutenus et reconnus dans leur travail quotidien. Ce sentiment de reconnaissance influence directement leur motivation et leur implication.<\/p><p style=\"font-weight: 400;\">Ainsi, le\u00a0<strong>bien-\u00eatre et r\u00e9sultats en entreprise<\/strong>\u00a0sont aujourd\u2019hui \u00e9troitement li\u00e9s. Les organisations qui placent l\u2019humain au centre am\u00e9liorent naturellement leur efficacit\u00e9 collective.<\/p>\t\t\t\t\t\t\t\t<\/div>\n\t\t\t\t\t<\/div>\n\t\t\t\t<\/div>\n\t\t<div class=\"elementor-element elementor-element-4273174 e-flex e-con-boxed e-con e-parent\" data-id=\"4273174\" data-element_type=\"container\">\n\t\t\t\t\t<div class=\"e-con-inner\">\n\t\t\t\t<div class=\"elementor-element elementor-element-8035e09 elementor-widget elementor-widget-heading\" data-id=\"8035e09\" data-element_type=\"widget\" data-widget_type=\"heading.default\">\n\t\t\t\t\t<h2 class=\"elementor-heading-title elementor-size-default\">L\u2019impact du bien-\u00eatre sur la productivit\u00e9\n\n<\/h2>\t\t\t\t<\/div>\n\t\t\t\t<div class=\"elementor-element elementor-element-f031827 elementor-widget elementor-widget-text-editor\" data-id=\"f031827\" data-element_type=\"widget\" data-widget_type=\"text-editor.default\">\n\t\t\t\t\t\t\t\t\t<p style=\"font-weight: 400;\">Le\u00a0<strong>bien-\u00eatre au travail<\/strong>\u00a0agit \u00e9galement sur la\u00a0<strong>productivit\u00e9 au travail<\/strong>. Un salari\u00e9 d\u00e9tendu et respect\u00e9 mobilise plus facilement ses comp\u00e9tences et son \u00e9nergie. \u00c0 l\u2019inverse, un environnement stressant limite les capacit\u00e9s cognitives et r\u00e9duit l\u2019efficacit\u00e9.<\/p><p style=\"font-weight: 400;\">L\u2019Organisation mondiale de la sant\u00e9 souligne que le\u00a0<strong>stress professionnel<\/strong>\u00a0constitue l\u2019une des principales causes de baisse de productivit\u00e9. Un climat de travail n\u00e9gatif g\u00e9n\u00e8re fatigue, d\u00e9motivation et d\u00e9sengagement. Ces facteurs diminuent progressivement la qualit\u00e9 du travail fourni.<\/p><p style=\"font-weight: 400;\">En revanche, lorsque les entreprises am\u00e9liorent les\u00a0conditions de travail, les r\u00e9sultats sont mesurables. Les \u00e9tudes montrent que <strong>l\u2019impact du bien-\u00eatre sur la productivit\u00e9<\/strong>\u00a0peut atteindre plusieurs points de performance suppl\u00e9mentaires. Les collaborateurs deviennent plus cr\u00e9atifs, plus concentr\u00e9s et plus efficaces dans leurs missions. Cette dynamique positive permet donc <strong>d\u2019am\u00e9liorer la performance des \u00e9quipes<\/strong>\u00a0tout en renfor\u00e7ant l\u2019engagement des salari\u00e9s.<\/p>\t\t\t\t\t\t\t\t<\/div>\n\t\t\t\t\t<\/div>\n\t\t\t\t<\/div>\n\t\t<div class=\"elementor-element elementor-element-86de93c e-flex e-con-boxed e-con e-parent\" data-id=\"86de93c\" data-element_type=\"container\">\n\t\t\t\t\t<div class=\"e-con-inner\">\n\t\t\t\t<div class=\"elementor-element elementor-element-e0e0ac5 elementor-widget elementor-widget-heading\" data-id=\"e0e0ac5\" data-element_type=\"widget\" data-widget_type=\"heading.default\">\n\t\t\t\t\t<h2 class=\"elementor-heading-title elementor-size-default\">R\u00e9duction de l\u2019absent\u00e9isme et pr\u00e9vention des risques psychosociaux<\/h2>\t\t\t\t<\/div>\n\t\t\t\t<div class=\"elementor-element elementor-element-feb76b0 elementor-widget elementor-widget-text-editor\" data-id=\"feb76b0\" data-element_type=\"widget\" data-widget_type=\"text-editor.default\">\n\t\t\t\t\t\t\t\t\t<p style=\"font-weight: 400;\">Le\u00a0<strong>bien-\u00eatre au travail<\/strong>\u00a0joue \u00e9galement un r\u00f4le essentiel dans la\u00a0<strong>r\u00e9duction de l\u2019absent\u00e9isme<\/strong>. Les entreprises qui investissent dans la qualit\u00e9 de vie au travail constatent une baisse significative des arr\u00eats maladie. Selon plusieurs \u00e9tudes internationales, les programmes de bien-\u00eatre peuvent r\u00e9duire l\u2019absent\u00e9isme de plus de 30 %.<\/p><p style=\"font-weight: 400;\">Cette am\u00e9lioration s\u2019explique par une meilleure\u00a0<strong>pr\u00e9vention burn-out<\/strong>\u00a0et une diminution du\u00a0<strong>stress professionnel<\/strong>. Lorsque les salari\u00e9s disposent d\u2019un environnement professionnel \u00e9quilibr\u00e9, leur sant\u00e9 physique et mentale s\u2019am\u00e9liore. Les tensions li\u00e9es au travail diminuent et la r\u00e9cup\u00e9ration devient plus efficace.<\/p><p style=\"font-weight: 400;\">Par ailleurs, un climat de travail sain favorise la communication et la coop\u00e9ration entre les \u00e9quipes. Le\u00a0<strong>management bienveillant<\/strong>\u00a0permet d\u2019identifier plus rapidement les situations de surcharge ou de fatigue. Les entreprises peuvent alors agir en pr\u00e9vention plut\u00f4t qu\u2019en r\u00e9action. Une approche qui contribue \u00e0 pr\u00e9server la sant\u00e9 des collaborateurs tout en stabilisant la\u00a0performance des \u00e9quipes.<\/p>\t\t\t\t\t\t\t\t<\/div>\n\t\t\t\t\t<\/div>\n\t\t\t\t<\/div>\n\t\t<div class=\"elementor-element elementor-element-b3eba12 e-flex e-con-boxed e-con e-parent\" data-id=\"b3eba12\" data-element_type=\"container\">\n\t\t\t\t\t<div class=\"e-con-inner\">\n\t\t\t\t<div class=\"elementor-element elementor-element-3857e03 elementor-widget elementor-widget-heading\" data-id=\"3857e03\" data-element_type=\"widget\" data-widget_type=\"heading.default\">\n\t\t\t\t\t<h2 class=\"elementor-heading-title elementor-size-default\">Le r\u00f4le du management et de l\u2019exp\u00e9rience collaborateur\n<\/h2>\t\t\t\t<\/div>\n\t\t\t\t<div class=\"elementor-element elementor-element-eff0f40 elementor-widget elementor-widget-text-editor\" data-id=\"eff0f40\" data-element_type=\"widget\" data-widget_type=\"text-editor.default\">\n\t\t\t\t\t\t\t\t\t<p style=\"font-weight: 400;\">Le\u00a0bien-\u00eatre au travail\u00a0d\u00e9pend aussi fortement du style de management et de l\u2019organisation interne. Les dirigeants jouent un r\u00f4le central dans la construction d\u2019un environnement professionnel positif. Un\u00a0management bienveillant\u00a0favorise la confiance, la transparence et la reconnaissance.<\/p><p style=\"font-weight: 400;\">Lorsque les salari\u00e9s se sentent \u00e9cout\u00e9s, leur motivation augmente naturellement. Ils s\u2019investissent davantage dans leurs missions et participent plus activement aux projets collectifs. Cette dynamique am\u00e9liore progressivement la\u00a0performance des \u00e9quipes\u00a0et la qualit\u00e9 des r\u00e9sultats.<\/p><p style=\"font-weight: 400;\">De plus, les entreprises qui investissent dans l\u2019exp\u00e9rience collaborateur renforcent leur attractivit\u00e9. Dans un march\u00e9 du travail concurrentiel, les talents privil\u00e9gient les organisations offrant de bonnes\u00a0<strong>conditions de travail<\/strong>. Le\u00a0bien-\u00eatre au travail et performance\u00a0deviennent alors un avantage comp\u00e9titif durable.<\/p>\t\t\t\t\t\t\t\t<\/div>\n\t\t\t\t\t<\/div>\n\t\t\t\t<\/div>\n\t\t<div class=\"elementor-element elementor-element-81cf290 e-flex e-con-boxed e-con e-parent\" data-id=\"81cf290\" data-element_type=\"container\">\n\t\t\t\t\t<div class=\"e-con-inner\">\n\t\t\t\t<div class=\"elementor-element elementor-element-a378e0a elementor-widget elementor-widget-heading\" data-id=\"a378e0a\" data-element_type=\"widget\" data-widget_type=\"heading.default\">\n\t\t\t\t\t<h2 class=\"elementor-heading-title elementor-size-default\">Conclusion\n\n<\/h2>\t\t\t\t<\/div>\n\t\t\t\t<div class=\"elementor-element elementor-element-df0b74f elementor-widget elementor-widget-text-editor\" data-id=\"df0b74f\" data-element_type=\"widget\" data-widget_type=\"text-editor.default\">\n\t\t\t\t\t\t\t\t\t<p style=\"font-weight: 400;\">Le&nbsp;<strong>bien-\u00eatre au travail<\/strong>&nbsp;n\u2019est plus une d\u00e9marche secondaire dans les entreprises modernes. Il constitue aujourd\u2019hui un v\u00e9ritable levier de performance et de comp\u00e9titivit\u00e9. En am\u00e9liorant les&nbsp;conditions de travail, les organisations renforcent la&nbsp;productivit\u00e9 au travail, limitent le&nbsp;stress professionnel&nbsp;et favorisent la&nbsp;r\u00e9duction de l\u2019absent\u00e9isme.<\/p>\n<p style=\"font-weight: 400;\">Pour structurer efficacement cette d\u00e9marche, il est essentiel de s\u2019appuyer sur des partenaires sp\u00e9cialis\u00e9s capables d\u2019int\u00e9grer le bien-\u00eatre dans la culture d\u2019entreprise. C\u2019est pr\u00e9cis\u00e9ment l\u2019objectif de&nbsp;Berry Events, puisque nous accompagnons les organisations et entreprises dans la mise en place de solutions concr\u00e8tes et adapt\u00e9es aux enjeux et besoins bien-\u00eatre de leurs \u00e9quipes.<\/p>\n<p style=\"font-weight: 400;\">Gr\u00e2ce \u00e0 notre approche personnalis\u00e9e et \u00e0 nos offres compl\u00e8tes de soins et d\u2019interventions bien-\u00eatre, nous permettons aux entreprises d\u2019agir directement sur le&nbsp;bien-\u00eatre au travail. Le tout en renfor\u00e7ant la coh\u00e9sion et l\u2019engagement des \u00e9quipes.<\/p>\n<p style=\"font-weight: 400;\">Faire appel \u00e0 Berry Events, c\u2019est donc investir dans une strat\u00e9gie durable visant \u00e0&nbsp;am\u00e9liorer la performance des \u00e9quipes, valoriser la marque employeur et construire un environnement professionnel plus sain, plus motivant et plus performant.<\/p>\t\t\t\t\t\t\t\t<\/div>\n\t\t\t\t\t<\/div>\n\t\t\t\t<\/div>\n\t\t\t\t<\/div>\n\t\t","protected":false},"excerpt":{"rendered":"<p>Depuis plusieurs ann\u00e9es, les entreprises repensent leur approche du management et de la performance. Les attentes des salari\u00e9s \u00e9voluent rapidement et les organisations doivent s\u2019adapter. Dans ce contexte, le bien-\u00eatre au travail devient un levier strat\u00e9gique majeur pour les dirigeants et les responsables RH.<\/p>\n","protected":false},"author":1,"featured_media":0,"comment_status":"open","ping_status":"open","sticky":false,"template":"","format":"standard","meta":{"footnotes":""},"categories":[1],"tags":[],"class_list":["post-1070","post","type-post","status-publish","format-standard","hentry","category-uncategorized"],"yoast_head":"<!-- This site is optimized with the Yoast SEO plugin v26.8 - https:\/\/yoast.com\/product\/yoast-seo-wordpress\/ -->\n<title>Pourquoi le bien-\u00eatre au travail am\u00e9liore la performance des \u00e9quipes\u200b - Berry Events<\/title>\n<meta name=\"robots\" content=\"index, follow, max-snippet:-1, max-image-preview:large, max-video-preview:-1\" \/>\n<link rel=\"canonical\" href=\"https:\/\/www.berryevents.fr\/index.php\/2026\/03\/17\/pourquoi-le-bien-etre-au-travail-ameliore-la-performance-des-equipes\/\" \/>\n<meta property=\"og:locale\" content=\"en_US\" \/>\n<meta property=\"og:type\" content=\"article\" \/>\n<meta property=\"og:title\" content=\"Pourquoi le bien-\u00eatre au travail am\u00e9liore la performance des \u00e9quipes\u200b - Berry Events\" \/>\n<meta property=\"og:description\" content=\"Depuis plusieurs ann\u00e9es, les entreprises repensent leur approche du management et de la performance. Les attentes des salari\u00e9s \u00e9voluent rapidement et les organisations doivent s\u2019adapter. Dans ce contexte, le bien-\u00eatre au travail devient un levier strat\u00e9gique majeur pour les dirigeants et les responsables RH.\" \/>\n<meta property=\"og:url\" content=\"https:\/\/www.berryevents.fr\/index.php\/2026\/03\/17\/pourquoi-le-bien-etre-au-travail-ameliore-la-performance-des-equipes\/\" \/>\n<meta property=\"og:site_name\" content=\"Berry Events\" \/>\n<meta property=\"article:published_time\" content=\"2026-03-17T11:14:05+00:00\" \/>\n<meta property=\"article:modified_time\" content=\"2026-03-17T11:18:10+00:00\" \/>\n<meta property=\"og:image\" content=\"https:\/\/www.berryevents.fr\/wp-content\/uploads\/2026\/02\/PHOTO-2026-02-02-15-55-51-e1770044340164.jpg\" \/>\n\t<meta property=\"og:image:width\" content=\"504\" \/>\n\t<meta property=\"og:image:height\" content=\"407\" \/>\n\t<meta property=\"og:image:type\" content=\"image\/jpeg\" \/>\n<meta name=\"author\" content=\"admin7577\" \/>\n<meta name=\"twitter:card\" content=\"summary_large_image\" \/>\n<meta name=\"twitter:label1\" content=\"Written by\" \/>\n\t<meta name=\"twitter:data1\" content=\"admin7577\" \/>\n\t<meta name=\"twitter:label2\" content=\"Est. reading time\" \/>\n\t<meta name=\"twitter:data2\" content=\"4 minutes\" \/>\n<script type=\"application\/ld+json\" class=\"yoast-schema-graph\">{\"@context\":\"https:\/\/schema.org\",\"@graph\":[{\"@type\":\"Article\",\"@id\":\"https:\/\/www.berryevents.fr\/index.php\/2026\/03\/17\/pourquoi-le-bien-etre-au-travail-ameliore-la-performance-des-equipes\/#article\",\"isPartOf\":{\"@id\":\"https:\/\/www.berryevents.fr\/index.php\/2026\/03\/17\/pourquoi-le-bien-etre-au-travail-ameliore-la-performance-des-equipes\/\"},\"author\":{\"name\":\"admin7577\",\"@id\":\"https:\/\/www.berryevents.fr\/#\/schema\/person\/18cbccaef2e4d2710142a7a685613a23\"},\"headline\":\"Pourquoi le bien-\u00eatre au travail am\u00e9liore la performance des \u00e9quipes\u200b\",\"datePublished\":\"2026-03-17T11:14:05+00:00\",\"dateModified\":\"2026-03-17T11:18:10+00:00\",\"mainEntityOfPage\":{\"@id\":\"https:\/\/www.berryevents.fr\/index.php\/2026\/03\/17\/pourquoi-le-bien-etre-au-travail-ameliore-la-performance-des-equipes\/\"},\"wordCount\":995,\"commentCount\":0,\"publisher\":{\"@id\":\"https:\/\/www.berryevents.fr\/#organization\"},\"image\":{\"@id\":\"https:\/\/www.berryevents.fr\/index.php\/2026\/03\/17\/pourquoi-le-bien-etre-au-travail-ameliore-la-performance-des-equipes\/#primaryimage\"},\"thumbnailUrl\":\"https:\/\/www.berryevents.fr\/wp-content\/uploads\/2026\/02\/PHOTO-2026-02-02-15-55-51-e1770044340164.jpg\",\"inLanguage\":\"en-US\",\"potentialAction\":[{\"@type\":\"CommentAction\",\"name\":\"Comment\",\"target\":[\"https:\/\/www.berryevents.fr\/index.php\/2026\/03\/17\/pourquoi-le-bien-etre-au-travail-ameliore-la-performance-des-equipes\/#respond\"]}]},{\"@type\":\"WebPage\",\"@id\":\"https:\/\/www.berryevents.fr\/index.php\/2026\/03\/17\/pourquoi-le-bien-etre-au-travail-ameliore-la-performance-des-equipes\/\",\"url\":\"https:\/\/www.berryevents.fr\/index.php\/2026\/03\/17\/pourquoi-le-bien-etre-au-travail-ameliore-la-performance-des-equipes\/\",\"name\":\"Pourquoi le bien-\u00eatre au travail am\u00e9liore la performance des \u00e9quipes\u200b - Berry Events\",\"isPartOf\":{\"@id\":\"https:\/\/www.berryevents.fr\/#website\"},\"primaryImageOfPage\":{\"@id\":\"https:\/\/www.berryevents.fr\/index.php\/2026\/03\/17\/pourquoi-le-bien-etre-au-travail-ameliore-la-performance-des-equipes\/#primaryimage\"},\"image\":{\"@id\":\"https:\/\/www.berryevents.fr\/index.php\/2026\/03\/17\/pourquoi-le-bien-etre-au-travail-ameliore-la-performance-des-equipes\/#primaryimage\"},\"thumbnailUrl\":\"https:\/\/www.berryevents.fr\/wp-content\/uploads\/2026\/02\/PHOTO-2026-02-02-15-55-51-e1770044340164.jpg\",\"datePublished\":\"2026-03-17T11:14:05+00:00\",\"dateModified\":\"2026-03-17T11:18:10+00:00\",\"breadcrumb\":{\"@id\":\"https:\/\/www.berryevents.fr\/index.php\/2026\/03\/17\/pourquoi-le-bien-etre-au-travail-ameliore-la-performance-des-equipes\/#breadcrumb\"},\"inLanguage\":\"en-US\",\"potentialAction\":[{\"@type\":\"ReadAction\",\"target\":[\"https:\/\/www.berryevents.fr\/index.php\/2026\/03\/17\/pourquoi-le-bien-etre-au-travail-ameliore-la-performance-des-equipes\/\"]}]},{\"@type\":\"ImageObject\",\"inLanguage\":\"en-US\",\"@id\":\"https:\/\/www.berryevents.fr\/index.php\/2026\/03\/17\/pourquoi-le-bien-etre-au-travail-ameliore-la-performance-des-equipes\/#primaryimage\",\"url\":\"https:\/\/www.berryevents.fr\/wp-content\/uploads\/2026\/02\/PHOTO-2026-02-02-15-55-51-e1770044340164.jpg\",\"contentUrl\":\"https:\/\/www.berryevents.fr\/wp-content\/uploads\/2026\/02\/PHOTO-2026-02-02-15-55-51-e1770044340164.jpg\",\"width\":504,\"height\":407,\"caption\":\"Pack trimestriel Berry\"},{\"@type\":\"BreadcrumbList\",\"@id\":\"https:\/\/www.berryevents.fr\/index.php\/2026\/03\/17\/pourquoi-le-bien-etre-au-travail-ameliore-la-performance-des-equipes\/#breadcrumb\",\"itemListElement\":[{\"@type\":\"ListItem\",\"position\":1,\"name\":\"Home\",\"item\":\"https:\/\/www.berryevents.fr\/\"},{\"@type\":\"ListItem\",\"position\":2,\"name\":\"Pourquoi le bien-\u00eatre au travail am\u00e9liore la performance des \u00e9quipes\u200b\"}]},{\"@type\":\"WebSite\",\"@id\":\"https:\/\/www.berryevents.fr\/#website\",\"url\":\"https:\/\/www.berryevents.fr\/\",\"name\":\"Berry Events\",\"description\":\"\",\"publisher\":{\"@id\":\"https:\/\/www.berryevents.fr\/#organization\"},\"potentialAction\":[{\"@type\":\"SearchAction\",\"target\":{\"@type\":\"EntryPoint\",\"urlTemplate\":\"https:\/\/www.berryevents.fr\/?s={search_term_string}\"},\"query-input\":{\"@type\":\"PropertyValueSpecification\",\"valueRequired\":true,\"valueName\":\"search_term_string\"}}],\"inLanguage\":\"en-US\"},{\"@type\":\"Organization\",\"@id\":\"https:\/\/www.berryevents.fr\/#organization\",\"name\":\"BERRY EVENTS\",\"url\":\"https:\/\/www.berryevents.fr\/\",\"logo\":{\"@type\":\"ImageObject\",\"inLanguage\":\"en-US\",\"@id\":\"https:\/\/www.berryevents.fr\/#\/schema\/logo\/image\/\",\"url\":null,\"contentUrl\":null,\"width\":1024,\"height\":576,\"caption\":\"BERRY EVENTS\"},\"image\":{\"@id\":\"https:\/\/www.berryevents.fr\/#\/schema\/logo\/image\/\"}},{\"@type\":\"Person\",\"@id\":\"https:\/\/www.berryevents.fr\/#\/schema\/person\/18cbccaef2e4d2710142a7a685613a23\",\"name\":\"admin7577\",\"image\":{\"@type\":\"ImageObject\",\"inLanguage\":\"en-US\",\"@id\":\"https:\/\/www.berryevents.fr\/#\/schema\/person\/image\/\",\"url\":\"https:\/\/secure.gravatar.com\/avatar\/b44d9d69f8e1bb0908512421c153e49ab430f353f5e7845e22707dcd1903eea0?s=96&d=mm&r=g\",\"contentUrl\":\"https:\/\/secure.gravatar.com\/avatar\/b44d9d69f8e1bb0908512421c153e49ab430f353f5e7845e22707dcd1903eea0?s=96&d=mm&r=g\",\"caption\":\"admin7577\"},\"sameAs\":[\"http:\/\/www.berryevents.fr\"],\"url\":\"https:\/\/www.berryevents.fr\/index.php\/author\/admin7577\/\"}]}<\/script>\n<!-- \/ Yoast SEO plugin. -->","yoast_head_json":{"title":"Pourquoi le bien-\u00eatre au travail am\u00e9liore la performance des \u00e9quipes\u200b - Berry Events","robots":{"index":"index","follow":"follow","max-snippet":"max-snippet:-1","max-image-preview":"max-image-preview:large","max-video-preview":"max-video-preview:-1"},"canonical":"https:\/\/www.berryevents.fr\/index.php\/2026\/03\/17\/pourquoi-le-bien-etre-au-travail-ameliore-la-performance-des-equipes\/","og_locale":"en_US","og_type":"article","og_title":"Pourquoi le bien-\u00eatre au travail am\u00e9liore la performance des \u00e9quipes\u200b - Berry Events","og_description":"Depuis plusieurs ann\u00e9es, les entreprises repensent leur approche du management et de la performance. Les attentes des salari\u00e9s \u00e9voluent rapidement et les organisations doivent s\u2019adapter. Dans ce contexte, le bien-\u00eatre au travail devient un levier strat\u00e9gique majeur pour les dirigeants et les responsables RH.","og_url":"https:\/\/www.berryevents.fr\/index.php\/2026\/03\/17\/pourquoi-le-bien-etre-au-travail-ameliore-la-performance-des-equipes\/","og_site_name":"Berry Events","article_published_time":"2026-03-17T11:14:05+00:00","article_modified_time":"2026-03-17T11:18:10+00:00","og_image":[{"width":504,"height":407,"url":"https:\/\/www.berryevents.fr\/wp-content\/uploads\/2026\/02\/PHOTO-2026-02-02-15-55-51-e1770044340164.jpg","type":"image\/jpeg"}],"author":"admin7577","twitter_card":"summary_large_image","twitter_misc":{"Written by":"admin7577","Est. reading time":"4 minutes"},"schema":{"@context":"https:\/\/schema.org","@graph":[{"@type":"Article","@id":"https:\/\/www.berryevents.fr\/index.php\/2026\/03\/17\/pourquoi-le-bien-etre-au-travail-ameliore-la-performance-des-equipes\/#article","isPartOf":{"@id":"https:\/\/www.berryevents.fr\/index.php\/2026\/03\/17\/pourquoi-le-bien-etre-au-travail-ameliore-la-performance-des-equipes\/"},"author":{"name":"admin7577","@id":"https:\/\/www.berryevents.fr\/#\/schema\/person\/18cbccaef2e4d2710142a7a685613a23"},"headline":"Pourquoi le bien-\u00eatre au travail am\u00e9liore la performance des \u00e9quipes\u200b","datePublished":"2026-03-17T11:14:05+00:00","dateModified":"2026-03-17T11:18:10+00:00","mainEntityOfPage":{"@id":"https:\/\/www.berryevents.fr\/index.php\/2026\/03\/17\/pourquoi-le-bien-etre-au-travail-ameliore-la-performance-des-equipes\/"},"wordCount":995,"commentCount":0,"publisher":{"@id":"https:\/\/www.berryevents.fr\/#organization"},"image":{"@id":"https:\/\/www.berryevents.fr\/index.php\/2026\/03\/17\/pourquoi-le-bien-etre-au-travail-ameliore-la-performance-des-equipes\/#primaryimage"},"thumbnailUrl":"https:\/\/www.berryevents.fr\/wp-content\/uploads\/2026\/02\/PHOTO-2026-02-02-15-55-51-e1770044340164.jpg","inLanguage":"en-US","potentialAction":[{"@type":"CommentAction","name":"Comment","target":["https:\/\/www.berryevents.fr\/index.php\/2026\/03\/17\/pourquoi-le-bien-etre-au-travail-ameliore-la-performance-des-equipes\/#respond"]}]},{"@type":"WebPage","@id":"https:\/\/www.berryevents.fr\/index.php\/2026\/03\/17\/pourquoi-le-bien-etre-au-travail-ameliore-la-performance-des-equipes\/","url":"https:\/\/www.berryevents.fr\/index.php\/2026\/03\/17\/pourquoi-le-bien-etre-au-travail-ameliore-la-performance-des-equipes\/","name":"Pourquoi le bien-\u00eatre au travail am\u00e9liore la performance des \u00e9quipes\u200b - Berry Events","isPartOf":{"@id":"https:\/\/www.berryevents.fr\/#website"},"primaryImageOfPage":{"@id":"https:\/\/www.berryevents.fr\/index.php\/2026\/03\/17\/pourquoi-le-bien-etre-au-travail-ameliore-la-performance-des-equipes\/#primaryimage"},"image":{"@id":"https:\/\/www.berryevents.fr\/index.php\/2026\/03\/17\/pourquoi-le-bien-etre-au-travail-ameliore-la-performance-des-equipes\/#primaryimage"},"thumbnailUrl":"https:\/\/www.berryevents.fr\/wp-content\/uploads\/2026\/02\/PHOTO-2026-02-02-15-55-51-e1770044340164.jpg","datePublished":"2026-03-17T11:14:05+00:00","dateModified":"2026-03-17T11:18:10+00:00","breadcrumb":{"@id":"https:\/\/www.berryevents.fr\/index.php\/2026\/03\/17\/pourquoi-le-bien-etre-au-travail-ameliore-la-performance-des-equipes\/#breadcrumb"},"inLanguage":"en-US","potentialAction":[{"@type":"ReadAction","target":["https:\/\/www.berryevents.fr\/index.php\/2026\/03\/17\/pourquoi-le-bien-etre-au-travail-ameliore-la-performance-des-equipes\/"]}]},{"@type":"ImageObject","inLanguage":"en-US","@id":"https:\/\/www.berryevents.fr\/index.php\/2026\/03\/17\/pourquoi-le-bien-etre-au-travail-ameliore-la-performance-des-equipes\/#primaryimage","url":"https:\/\/www.berryevents.fr\/wp-content\/uploads\/2026\/02\/PHOTO-2026-02-02-15-55-51-e1770044340164.jpg","contentUrl":"https:\/\/www.berryevents.fr\/wp-content\/uploads\/2026\/02\/PHOTO-2026-02-02-15-55-51-e1770044340164.jpg","width":504,"height":407,"caption":"Pack trimestriel Berry"},{"@type":"BreadcrumbList","@id":"https:\/\/www.berryevents.fr\/index.php\/2026\/03\/17\/pourquoi-le-bien-etre-au-travail-ameliore-la-performance-des-equipes\/#breadcrumb","itemListElement":[{"@type":"ListItem","position":1,"name":"Home","item":"https:\/\/www.berryevents.fr\/"},{"@type":"ListItem","position":2,"name":"Pourquoi le bien-\u00eatre au travail am\u00e9liore la performance des \u00e9quipes\u200b"}]},{"@type":"WebSite","@id":"https:\/\/www.berryevents.fr\/#website","url":"https:\/\/www.berryevents.fr\/","name":"Berry Events","description":"","publisher":{"@id":"https:\/\/www.berryevents.fr\/#organization"},"potentialAction":[{"@type":"SearchAction","target":{"@type":"EntryPoint","urlTemplate":"https:\/\/www.berryevents.fr\/?s={search_term_string}"},"query-input":{"@type":"PropertyValueSpecification","valueRequired":true,"valueName":"search_term_string"}}],"inLanguage":"en-US"},{"@type":"Organization","@id":"https:\/\/www.berryevents.fr\/#organization","name":"BERRY EVENTS","url":"https:\/\/www.berryevents.fr\/","logo":{"@type":"ImageObject","inLanguage":"en-US","@id":"https:\/\/www.berryevents.fr\/#\/schema\/logo\/image\/","url":null,"contentUrl":null,"width":1024,"height":576,"caption":"BERRY EVENTS"},"image":{"@id":"https:\/\/www.berryevents.fr\/#\/schema\/logo\/image\/"}},{"@type":"Person","@id":"https:\/\/www.berryevents.fr\/#\/schema\/person\/18cbccaef2e4d2710142a7a685613a23","name":"admin7577","image":{"@type":"ImageObject","inLanguage":"en-US","@id":"https:\/\/www.berryevents.fr\/#\/schema\/person\/image\/","url":"https:\/\/secure.gravatar.com\/avatar\/b44d9d69f8e1bb0908512421c153e49ab430f353f5e7845e22707dcd1903eea0?s=96&d=mm&r=g","contentUrl":"https:\/\/secure.gravatar.com\/avatar\/b44d9d69f8e1bb0908512421c153e49ab430f353f5e7845e22707dcd1903eea0?s=96&d=mm&r=g","caption":"admin7577"},"sameAs":["http:\/\/www.berryevents.fr"],"url":"https:\/\/www.berryevents.fr\/index.php\/author\/admin7577\/"}]}},"_links":{"self":[{"href":"https:\/\/www.berryevents.fr\/index.php\/wp-json\/wp\/v2\/posts\/1070","targetHints":{"allow":["GET"]}}],"collection":[{"href":"https:\/\/www.berryevents.fr\/index.php\/wp-json\/wp\/v2\/posts"}],"about":[{"href":"https:\/\/www.berryevents.fr\/index.php\/wp-json\/wp\/v2\/types\/post"}],"author":[{"embeddable":true,"href":"https:\/\/www.berryevents.fr\/index.php\/wp-json\/wp\/v2\/users\/1"}],"replies":[{"embeddable":true,"href":"https:\/\/www.berryevents.fr\/index.php\/wp-json\/wp\/v2\/comments?post=1070"}],"version-history":[{"count":7,"href":"https:\/\/www.berryevents.fr\/index.php\/wp-json\/wp\/v2\/posts\/1070\/revisions"}],"predecessor-version":[{"id":1077,"href":"https:\/\/www.berryevents.fr\/index.php\/wp-json\/wp\/v2\/posts\/1070\/revisions\/1077"}],"wp:attachment":[{"href":"https:\/\/www.berryevents.fr\/index.php\/wp-json\/wp\/v2\/media?parent=1070"}],"wp:term":[{"taxonomy":"category","embeddable":true,"href":"https:\/\/www.berryevents.fr\/index.php\/wp-json\/wp\/v2\/categories?post=1070"},{"taxonomy":"post_tag","embeddable":true,"href":"https:\/\/www.berryevents.fr\/index.php\/wp-json\/wp\/v2\/tags?post=1070"}],"curies":[{"name":"wp","href":"https:\/\/api.w.org\/{rel}","templated":true}]}}